{"id":2025,"date":"2020-11-18T23:41:00","date_gmt":"2020-11-18T22:41:00","guid":{"rendered":"https:\/\/www.mlampart-kancelaria.pl\/?p=2025"},"modified":"2020-11-18T23:41:00","modified_gmt":"2020-11-18T22:41:00","slug":"paszport-dla-dziecka","status":"publish","type":"post","link":"https:\/\/mlampart-kancelaria.pl\/en\/prawo-rodzinne-pl\/paszport-dla-dziecka\/","title":{"rendered":"PASZPORT DLA DZIECKA"},"content":{"rendered":"<p class=\"wp-block-paragraph\">*<em>Photo by <a href=\"https:\/\/unsplash.com\/@blakeguidry?utm_source=unsplash&amp;utm_medium=referral&amp;utm_content=creditCopyText\" rel=\"nofollow\">Blake Guidry<\/a> on <a href=\"https:\/\/unsplash.com\/s\/photos\/passport-travel?utm_source=unsplash&amp;utm_medium=referral&amp;utm_content=creditCopyText\" rel=\"nofollow\">Unsplash<\/a><\/em><\/p>\n\n\n\n<p class=\"has-medium-font-size wp-block-paragraph\">Kiedy nie zawsze jest tak r\u00f3\u017cowo i sielankowo w \u017cyciu \u201erodzinnym\u201d mog\u0105 pojawia\u0107 si\u0119 k\u0142opoty w najdrobniejszych codziennych sprawach zwi\u0105zanych ze wsp\u00f3lnym dzieckiem. Jednym z takich powod\u00f3w mo\u017ce by\u0107 uzyskanie paszportu dla ma\u0142oletniego dziecka. Nie ma sytuacji bez wyj\u015bcia. Mo\u017cna spraw\u0119 za\u0142atwi\u0107 polubownie lub na drodze s\u0105dowej. <\/p>\n\n\n\n<p class=\"wp-block-paragraph\"><\/p>\n\n\n\n<p class=\"wp-block-paragraph\"><\/p>\n\n\n\n<h2 class=\"wp-block-heading has-black-color has-vivid-cyan-blue-background-color has-text-color has-background\">WYDANIE PASZPORTU DLA DZIECKA<\/h2>\n\n\n\n<p class=\"wp-block-paragraph\"><\/p>\n\n\n\n<p class=\"wp-block-paragraph\"><\/p>\n\n\n\n<p class=\"has-medium-font-size wp-block-paragraph\">Przede wszystkim co jest wa\u017cne \u2013 na wydanie dokumentu paszportowego dla dziecka konieczna jest&nbsp;<strong>pisemna zgoda obojga rodzic\u00f3w&nbsp;<\/strong>(sms lub e-mail ze zgod\u0105 nie jest wystarczaj\u0105cy!). Paszport dla dziecka, kt\u00f3re nie uko\u0144czy\u0142o lat 13, wa\u017cny jest przed okres 5 lat.<\/p>\n\n\n\n<p class=\"has-medium-font-size wp-block-paragraph\">Co si\u0119 dzieje je\u017celi rodzice nie potrafi\u0105 porozumie\u0107 si\u0119 w sprawie wydania paszportu? <\/p>\n\n\n\n<p class=\"wp-block-paragraph\"><\/p>\n\n\n\n<h2 class=\"wp-block-heading has-black-color has-vivid-cyan-blue-background-color has-text-color has-background\">S\u0104D &#8211; kiedy trzeba uda\u0107 si\u0119 do s\u0105du? <\/h2>\n\n\n\n<p class=\"wp-block-paragraph\"><\/p>\n\n\n\n<p class=\"wp-block-paragraph\"><\/p>\n\n\n\n<p class=\"has-medium-font-size wp-block-paragraph\">Po zgod\u0119 na wydanie dokumentu paszportowego trzeba uda\u0107 si\u0119 do s\u0105du celem uzyskania&nbsp;<strong>orzeczenia s\u0105du rodzinnego<\/strong>. Nie jest to wi\u0119c takie proste jakby mog\u0142o si\u0119 wydawa\u0107. Co innego je\u015bli jednemu z rodzic\u00f3w&nbsp;<strong>s\u0105d<\/strong>&nbsp;ograniczy\u0142 (te\u017c zale\u017cy w jakim zakresie) lub pozbawi\u0142 go ca\u0142kowicie w\u0142adzy rodzicielskiej.<\/p>\n\n\n\n<p class=\"has-medium-font-size wp-block-paragraph\">Sprawa komplikuje si\u0119, je\u015bli dziecko urodzi\u0142o si\u0119 za granic\u0105 i nie posiada jeszcze numeru PESEL. Trzeba r\u00f3wnie\u017c w tym wypadku dokona\u0107 pewnych formalno\u015bci.<\/p>\n\n\n\n<p class=\"has-medium-font-size wp-block-paragraph\">Jak wida\u0107&nbsp;<strong>uzyskanie paszportu dla dziecka nie jest spraw\u0105 prost\u0105, je\u015bli pojawia si\u0119 konflikt mi\u0119dzy jego rodzicami<\/strong>&nbsp;i nie istnieje mo\u017cliwo\u015b\u0107 ich w\u0142a\u015bciwego porozumienia si\u0119 w istotnych kwestiach zwi\u0105zanym z dobrem ma\u0142oletniego dziecka.<\/p>\n\n\n\n<p class=\"has-medium-font-size wp-block-paragraph\">Warto wi\u0119c podj\u0105\u0107 to wyzwanie i pojedna\u0107 si\u0119 z drugim rodzicem dla dobra dziecka.<\/p>\n\n\n\n<p class=\"wp-block-paragraph\"><\/p>\n\n\n\n<p class=\"has-text-align-center has-medium-font-size wp-block-paragraph\">***<\/p>\n\n\n\n<p class=\"has-medium-font-size wp-block-paragraph\">W&nbsp;ramach dzia\u0142alno\u015bci kancelarii zajmujemy si\u0119 prowadzeniem szeroko rozumianych spraw rodzinnych, w&nbsp;tym sprawami o&nbsp;alimenty, kontakty, w\u0142adz\u0119 rodzicielsk\u0105 oraz&nbsp;rozwodami.<\/p>\n\n\n\n<p class=\"has-medium-font-size wp-block-paragraph\">W&nbsp;razie potrzeby udzielenia pomocy prawnej napisz do&nbsp;kancelarii. Wszelkie dane znajdziesz w&nbsp;zak\u0142adce&nbsp;<a rel=\"noreferrer noopener\" href=\"https:\/\/mlampart-kancelaria.pl\/en\/pl\/kontakt\/\" target=\"_blank\">kontakt<\/a>.<\/p>","protected":false},"excerpt":{"rendered":"<p>Kiedy nie zawsze jest tak r\u00f3\u017cowo i sielankowo w \u017cyciu \u201erodzinnym\u201d mog\u0105 pojawia\u0107 si\u0119 k\u0142opoty w najdrobniejszych codziennych sprawach zwi\u0105zanych ze wsp\u00f3lnym dzieckiem. Jednym z takich powod\u00f3w mo\u017ce by\u0107 uzyskanie paszportu dla ma\u0142oletniego dziecka. Dowiedz si\u0119 wi\u0119cej. <\/p>","protected":false},"author":1,"featured_media":2028,"comment_status":"open","ping_status":"open","sticky":false,"template":"","format":"standard","meta":{"iawp_total_views":1,"footnotes":""},"categories":[16],"tags":[],"class_list":["post-2025","post","type-post","status-publish","format-standard","has-post-thumbnail","hentry","category-prawo-rodzinne-pl"],"yoast_head":"<!-- This site is optimized with the Yoast SEO plugin v28.4 - https:\/\/yoast.com\/product\/yoast-seo-wordpress\/ -->\n<title>PASZPORT DLA DZIECKA - Marta Lampart Kancelaria Radcy Prawnego<\/title>\n<meta name=\"description\" content=\"Uzyskanie paszportu dla ma\u0142oletniego dziecka w konflikcie rodzic\u00f3w. Dowiedz si\u0119 wi\u0119cej. Radca prawny Krak\u00f3w.\" \/>\n<meta name=\"robots\" content=\"index, nofollow, max-snippet:-1, max-image-preview:large, max-video-preview:-1\" \/>\n<link rel=\"canonical\" href=\"https:\/\/mlampart-kancelaria.pl\/en\/prawo-rodzinne-pl\/paszport-dla-dziecka\/\" \/>\n<meta property=\"og:locale\" content=\"en_US\" \/>\n<meta property=\"og:type\" content=\"article\" \/>\n<meta property=\"og:title\" content=\"PASZPORT DLA DZIECKA - Marta Lampart Kancelaria Radcy Prawnego\" \/>\n<meta property=\"og:description\" content=\"Uzyskanie paszportu dla ma\u0142oletniego dziecka w konflikcie rodzic\u00f3w. Dowiedz si\u0119 wi\u0119cej. Radca prawny Krak\u00f3w.\" \/>\n<meta property=\"og:url\" content=\"https:\/\/mlampart-kancelaria.pl\/en\/prawo-rodzinne-pl\/paszport-dla-dziecka\/\" \/>\n<meta property=\"og:site_name\" content=\"Marta Lampart Kancelaria Radcy Prawnego\" \/>\n<meta property=\"article:published_time\" content=\"2020-11-18T22:41:00+00:00\" \/>\n<meta property=\"og:image\" content=\"https:\/\/mlampart-kancelaria.pl\/wp-content\/uploads\/2021\/02\/blake-guidry-p9vr45T2scg-unsplash-scaled-1.jpg\" \/>\n\t<meta property=\"og:image:width\" content=\"2560\" \/>\n\t<meta property=\"og:image:height\" content=\"1845\" \/>\n\t<meta property=\"og:image:type\" content=\"image\/jpeg\" \/>\n<meta name=\"author\" content=\"admin\" \/>\n<meta name=\"twitter:card\" content=\"summary_large_image\" \/>\n<meta name=\"twitter:label1\" content=\"Written by\" \/>\n\t<meta name=\"twitter:data1\" content=\"admin\" \/>\n\t<meta name=\"twitter:label2\" content=\"Est. reading time\" \/>\n\t<meta name=\"twitter:data2\" content=\"2 minutes\" \/>\n<script type=\"application\/ld+json\" class=\"yoast-schema-graph\">{\"@context\":\"https:\\\/\\\/schema.org\",\"@graph\":[{\"@type\":\"Article\",\"@id\":\"https:\\\/\\\/mlampart-kancelaria.pl\\\/prawo-rodzinne-pl\\\/paszport-dla-dziecka\\\/#article\",\"isPartOf\":{\"@id\":\"https:\\\/\\\/mlampart-kancelaria.pl\\\/prawo-rodzinne-pl\\\/paszport-dla-dziecka\\\/\"},\"author\":{\"name\":\"admin\",\"@id\":\"https:\\\/\\\/mlampart-kancelaria.pl\\\/#\\\/schema\\\/person\\\/da0650c7bc5a67c5f753cad071f81c90\"},\"headline\":\"PASZPORT DLA DZIECKA\",\"datePublished\":\"2020-11-18T22:41:00+00:00\",\"mainEntityOfPage\":{\"@id\":\"https:\\\/\\\/mlampart-kancelaria.pl\\\/prawo-rodzinne-pl\\\/paszport-dla-dziecka\\\/\"},\"wordCount\":331,\"commentCount\":0,\"publisher\":{\"@id\":\"https:\\\/\\\/mlampart-kancelaria.pl\\\/#organization\"},\"image\":{\"@id\":\"https:\\\/\\\/mlampart-kancelaria.pl\\\/prawo-rodzinne-pl\\\/paszport-dla-dziecka\\\/#primaryimage\"},\"thumbnailUrl\":\"https:\\\/\\\/mlampart-kancelaria.pl\\\/wp-content\\\/uploads\\\/2021\\\/02\\\/blake-guidry-p9vr45T2scg-unsplash-scaled-1.jpg\",\"articleSection\":[\"Prawo rodzinne\"],\"inLanguage\":\"en-US\",\"potentialAction\":[{\"@type\":\"CommentAction\",\"name\":\"Comment\",\"target\":[\"https:\\\/\\\/mlampart-kancelaria.pl\\\/prawo-rodzinne-pl\\\/paszport-dla-dziecka\\\/#respond\"]}]},{\"@type\":\"WebPage\",\"@id\":\"https:\\\/\\\/mlampart-kancelaria.pl\\\/prawo-rodzinne-pl\\\/paszport-dla-dziecka\\\/\",\"url\":\"https:\\\/\\\/mlampart-kancelaria.pl\\\/prawo-rodzinne-pl\\\/paszport-dla-dziecka\\\/\",\"name\":\"PASZPORT DLA DZIECKA - Marta Lampart Kancelaria Radcy Prawnego\",\"isPartOf\":{\"@id\":\"https:\\\/\\\/mlampart-kancelaria.pl\\\/#website\"},\"primaryImageOfPage\":{\"@id\":\"https:\\\/\\\/mlampart-kancelaria.pl\\\/prawo-rodzinne-pl\\\/paszport-dla-dziecka\\\/#primaryimage\"},\"image\":{\"@id\":\"https:\\\/\\\/mlampart-kancelaria.pl\\\/prawo-rodzinne-pl\\\/paszport-dla-dziecka\\\/#primaryimage\"},\"thumbnailUrl\":\"https:\\\/\\\/mlampart-kancelaria.pl\\\/wp-content\\\/uploads\\\/2021\\\/02\\\/blake-guidry-p9vr45T2scg-unsplash-scaled-1.jpg\",\"datePublished\":\"2020-11-18T22:41:00+00:00\",\"description\":\"Uzyskanie paszportu dla ma\u0142oletniego dziecka w konflikcie rodzic\u00f3w. Dowiedz si\u0119 wi\u0119cej. Radca prawny Krak\u00f3w.\",\"breadcrumb\":{\"@id\":\"https:\\\/\\\/mlampart-kancelaria.pl\\\/prawo-rodzinne-pl\\\/paszport-dla-dziecka\\\/#breadcrumb\"},\"inLanguage\":\"en-US\",\"potentialAction\":[{\"@type\":\"ReadAction\",\"target\":[\"https:\\\/\\\/mlampart-kancelaria.pl\\\/prawo-rodzinne-pl\\\/paszport-dla-dziecka\\\/\"]}]},{\"@type\":\"ImageObject\",\"inLanguage\":\"en-US\",\"@id\":\"https:\\\/\\\/mlampart-kancelaria.pl\\\/prawo-rodzinne-pl\\\/paszport-dla-dziecka\\\/#primaryimage\",\"url\":\"https:\\\/\\\/mlampart-kancelaria.pl\\\/wp-content\\\/uploads\\\/2021\\\/02\\\/blake-guidry-p9vr45T2scg-unsplash-scaled-1.jpg\",\"contentUrl\":\"https:\\\/\\\/mlampart-kancelaria.pl\\\/wp-content\\\/uploads\\\/2021\\\/02\\\/blake-guidry-p9vr45T2scg-unsplash-scaled-1.jpg\",\"width\":2560,\"height\":1845,\"caption\":\"paszport dla dziecka\"},{\"@type\":\"BreadcrumbList\",\"@id\":\"https:\\\/\\\/mlampart-kancelaria.pl\\\/prawo-rodzinne-pl\\\/paszport-dla-dziecka\\\/#breadcrumb\",\"itemListElement\":[{\"@type\":\"ListItem\",\"position\":1,\"name\":\"Home\",\"item\":\"https:\\\/\\\/mlampart-kancelaria.pl\\\/\"},{\"@type\":\"ListItem\",\"position\":2,\"name\":\"PASZPORT DLA DZIECKA\"}]},{\"@type\":\"WebSite\",\"@id\":\"https:\\\/\\\/mlampart-kancelaria.pl\\\/#website\",\"url\":\"https:\\\/\\\/mlampart-kancelaria.pl\\\/\",\"name\":\"Marta Lampart Kancelaria Radcy Prawnego\",\"description\":\"\",\"publisher\":{\"@id\":\"https:\\\/\\\/mlampart-kancelaria.pl\\\/#organization\"},\"potentialAction\":[{\"@type\":\"SearchAction\",\"target\":{\"@type\":\"EntryPoint\",\"urlTemplate\":\"https:\\\/\\\/mlampart-kancelaria.pl\\\/?s={search_term_string}\"},\"query-input\":{\"@type\":\"PropertyValueSpecification\",\"valueRequired\":true,\"valueName\":\"search_term_string\"}}],\"inLanguage\":\"en-US\"},{\"@type\":\"Organization\",\"@id\":\"https:\\\/\\\/mlampart-kancelaria.pl\\\/#organization\",\"name\":\"Marta Lampart Kancelaria Radcy Prawnego\",\"url\":\"https:\\\/\\\/mlampart-kancelaria.pl\\\/\",\"logo\":{\"@type\":\"ImageObject\",\"inLanguage\":\"en-US\",\"@id\":\"https:\\\/\\\/mlampart-kancelaria.pl\\\/#\\\/schema\\\/logo\\\/image\\\/\",\"url\":\"https:\\\/\\\/mlampart-kancelaria.pl\\\/wp-content\\\/uploads\\\/2026\\\/07\\\/logo-4-e1554211906195-1.png\",\"contentUrl\":\"https:\\\/\\\/mlampart-kancelaria.pl\\\/wp-content\\\/uploads\\\/2026\\\/07\\\/logo-4-e1554211906195-1.png\",\"width\":300,\"height\":77,\"caption\":\"Marta Lampart Kancelaria Radcy Prawnego\"},\"image\":{\"@id\":\"https:\\\/\\\/mlampart-kancelaria.pl\\\/#\\\/schema\\\/logo\\\/image\\\/\"}},{\"@type\":\"Person\",\"@id\":\"https:\\\/\\\/mlampart-kancelaria.pl\\\/#\\\/schema\\\/person\\\/da0650c7bc5a67c5f753cad071f81c90\",\"name\":\"admin\",\"image\":{\"@type\":\"ImageObject\",\"inLanguage\":\"en-US\",\"@id\":\"https:\\\/\\\/secure.gravatar.com\\\/avatar\\\/ad13c7f1dbb4b09a4ba2cac2fb6079738addf5b4a7e550b89e6ddfac54c327d7?s=96&d=mm&r=g\",\"url\":\"https:\\\/\\\/secure.gravatar.com\\\/avatar\\\/ad13c7f1dbb4b09a4ba2cac2fb6079738addf5b4a7e550b89e6ddfac54c327d7?s=96&d=mm&r=g\",\"contentUrl\":\"https:\\\/\\\/secure.gravatar.com\\\/avatar\\\/ad13c7f1dbb4b09a4ba2cac2fb6079738addf5b4a7e550b89e6ddfac54c327d7?s=96&d=mm&r=g\",\"caption\":\"admin\"},\"sameAs\":[\"https:\\\/\\\/mlampart-kancelaria.pl\"],\"url\":\"https:\\\/\\\/mlampart-kancelaria.pl\\\/en\\\/author\\\/admin\\\/\"}]}<\/script>\n<!-- \/ Yoast SEO plugin. -->","yoast_head_json":{"title":"PASZPORT DLA DZIECKA - Marta Lampart Kancelaria Radcy Prawnego","description":"Uzyskanie paszportu dla ma\u0142oletniego dziecka w konflikcie rodzic\u00f3w. Dowiedz si\u0119 wi\u0119cej. Radca prawny Krak\u00f3w.","robots":{"index":"index","follow":"nofollow","max-snippet":"max-snippet:-1","max-image-preview":"max-image-preview:large","max-video-preview":"max-video-preview:-1"},"canonical":"https:\/\/mlampart-kancelaria.pl\/en\/prawo-rodzinne-pl\/paszport-dla-dziecka\/","og_locale":"en_US","og_type":"article","og_title":"PASZPORT DLA DZIECKA - Marta Lampart Kancelaria Radcy Prawnego","og_description":"Uzyskanie paszportu dla ma\u0142oletniego dziecka w konflikcie rodzic\u00f3w. Dowiedz si\u0119 wi\u0119cej. Radca prawny Krak\u00f3w.","og_url":"https:\/\/mlampart-kancelaria.pl\/en\/prawo-rodzinne-pl\/paszport-dla-dziecka\/","og_site_name":"Marta Lampart Kancelaria Radcy Prawnego","article_published_time":"2020-11-18T22:41:00+00:00","og_image":[{"width":2560,"height":1845,"url":"https:\/\/mlampart-kancelaria.pl\/wp-content\/uploads\/2021\/02\/blake-guidry-p9vr45T2scg-unsplash-scaled-1.jpg","type":"image\/jpeg"}],"author":"admin","twitter_card":"summary_large_image","twitter_misc":{"Written by":"admin","Est. reading time":"2 minutes"},"schema":{"@context":"https:\/\/schema.org","@graph":[{"@type":"Article","@id":"https:\/\/mlampart-kancelaria.pl\/prawo-rodzinne-pl\/paszport-dla-dziecka\/#article","isPartOf":{"@id":"https:\/\/mlampart-kancelaria.pl\/prawo-rodzinne-pl\/paszport-dla-dziecka\/"},"author":{"name":"admin","@id":"https:\/\/mlampart-kancelaria.pl\/#\/schema\/person\/da0650c7bc5a67c5f753cad071f81c90"},"headline":"PASZPORT DLA DZIECKA","datePublished":"2020-11-18T22:41:00+00:00","mainEntityOfPage":{"@id":"https:\/\/mlampart-kancelaria.pl\/prawo-rodzinne-pl\/paszport-dla-dziecka\/"},"wordCount":331,"commentCount":0,"publisher":{"@id":"https:\/\/mlampart-kancelaria.pl\/#organization"},"image":{"@id":"https:\/\/mlampart-kancelaria.pl\/prawo-rodzinne-pl\/paszport-dla-dziecka\/#primaryimage"},"thumbnailUrl":"https:\/\/mlampart-kancelaria.pl\/wp-content\/uploads\/2021\/02\/blake-guidry-p9vr45T2scg-unsplash-scaled-1.jpg","articleSection":["Prawo rodzinne"],"inLanguage":"en-US","potentialAction":[{"@type":"CommentAction","name":"Comment","target":["https:\/\/mlampart-kancelaria.pl\/prawo-rodzinne-pl\/paszport-dla-dziecka\/#respond"]}]},{"@type":"WebPage","@id":"https:\/\/mlampart-kancelaria.pl\/prawo-rodzinne-pl\/paszport-dla-dziecka\/","url":"https:\/\/mlampart-kancelaria.pl\/prawo-rodzinne-pl\/paszport-dla-dziecka\/","name":"PASZPORT DLA DZIECKA - Marta Lampart Kancelaria Radcy Prawnego","isPartOf":{"@id":"https:\/\/mlampart-kancelaria.pl\/#website"},"primaryImageOfPage":{"@id":"https:\/\/mlampart-kancelaria.pl\/prawo-rodzinne-pl\/paszport-dla-dziecka\/#primaryimage"},"image":{"@id":"https:\/\/mlampart-kancelaria.pl\/prawo-rodzinne-pl\/paszport-dla-dziecka\/#primaryimage"},"thumbnailUrl":"https:\/\/mlampart-kancelaria.pl\/wp-content\/uploads\/2021\/02\/blake-guidry-p9vr45T2scg-unsplash-scaled-1.jpg","datePublished":"2020-11-18T22:41:00+00:00","description":"Uzyskanie paszportu dla ma\u0142oletniego dziecka w konflikcie rodzic\u00f3w. Dowiedz si\u0119 wi\u0119cej. Radca prawny Krak\u00f3w.","breadcrumb":{"@id":"https:\/\/mlampart-kancelaria.pl\/prawo-rodzinne-pl\/paszport-dla-dziecka\/#breadcrumb"},"inLanguage":"en-US","potentialAction":[{"@type":"ReadAction","target":["https:\/\/mlampart-kancelaria.pl\/prawo-rodzinne-pl\/paszport-dla-dziecka\/"]}]},{"@type":"ImageObject","inLanguage":"en-US","@id":"https:\/\/mlampart-kancelaria.pl\/prawo-rodzinne-pl\/paszport-dla-dziecka\/#primaryimage","url":"https:\/\/mlampart-kancelaria.pl\/wp-content\/uploads\/2021\/02\/blake-guidry-p9vr45T2scg-unsplash-scaled-1.jpg","contentUrl":"https:\/\/mlampart-kancelaria.pl\/wp-content\/uploads\/2021\/02\/blake-guidry-p9vr45T2scg-unsplash-scaled-1.jpg","width":2560,"height":1845,"caption":"paszport dla dziecka"},{"@type":"BreadcrumbList","@id":"https:\/\/mlampart-kancelaria.pl\/prawo-rodzinne-pl\/paszport-dla-dziecka\/#breadcrumb","itemListElement":[{"@type":"ListItem","position":1,"name":"Home","item":"https:\/\/mlampart-kancelaria.pl\/"},{"@type":"ListItem","position":2,"name":"PASZPORT DLA DZIECKA"}]},{"@type":"WebSite","@id":"https:\/\/mlampart-kancelaria.pl\/#website","url":"https:\/\/mlampart-kancelaria.pl\/","name":"Marta Lampart Law Firm of Attorney-at-Law","description":"","publisher":{"@id":"https:\/\/mlampart-kancelaria.pl\/#organization"},"potentialAction":[{"@type":"SearchAction","target":{"@type":"EntryPoint","urlTemplate":"https:\/\/mlampart-kancelaria.pl\/?s={search_term_string}"},"query-input":{"@type":"PropertyValueSpecification","valueRequired":true,"valueName":"search_term_string"}}],"inLanguage":"en-US"},{"@type":"Organization","@id":"https:\/\/mlampart-kancelaria.pl\/#organization","name":"Marta Lampart Law Firm of Attorney-at-Law","url":"https:\/\/mlampart-kancelaria.pl\/","logo":{"@type":"ImageObject","inLanguage":"en-US","@id":"https:\/\/mlampart-kancelaria.pl\/#\/schema\/logo\/image\/","url":"https:\/\/mlampart-kancelaria.pl\/wp-content\/uploads\/2026\/07\/logo-4-e1554211906195-1.png","contentUrl":"https:\/\/mlampart-kancelaria.pl\/wp-content\/uploads\/2026\/07\/logo-4-e1554211906195-1.png","width":300,"height":77,"caption":"Marta Lampart Kancelaria Radcy Prawnego"},"image":{"@id":"https:\/\/mlampart-kancelaria.pl\/#\/schema\/logo\/image\/"}},{"@type":"Person","@id":"https:\/\/mlampart-kancelaria.pl\/#\/schema\/person\/da0650c7bc5a67c5f753cad071f81c90","name":"admin","image":{"@type":"ImageObject","inLanguage":"en-US","@id":"https:\/\/secure.gravatar.com\/avatar\/ad13c7f1dbb4b09a4ba2cac2fb6079738addf5b4a7e550b89e6ddfac54c327d7?s=96&d=mm&r=g","url":"https:\/\/secure.gravatar.com\/avatar\/ad13c7f1dbb4b09a4ba2cac2fb6079738addf5b4a7e550b89e6ddfac54c327d7?s=96&d=mm&r=g","contentUrl":"https:\/\/secure.gravatar.com\/avatar\/ad13c7f1dbb4b09a4ba2cac2fb6079738addf5b4a7e550b89e6ddfac54c327d7?s=96&d=mm&r=g","caption":"admin"},"sameAs":["https:\/\/mlampart-kancelaria.pl"],"url":"https:\/\/mlampart-kancelaria.pl\/en\/author\/admin\/"}]}},"_links":{"self":[{"href":"https:\/\/mlampart-kancelaria.pl\/en\/wp-json\/wp\/v2\/posts\/2025","targetHints":{"allow":["GET"]}}],"collection":[{"href":"https:\/\/mlampart-kancelaria.pl\/en\/wp-json\/wp\/v2\/posts"}],"about":[{"href":"https:\/\/mlampart-kancelaria.pl\/en\/wp-json\/wp\/v2\/types\/post"}],"author":[{"embeddable":true,"href":"https:\/\/mlampart-kancelaria.pl\/en\/wp-json\/wp\/v2\/users\/1"}],"replies":[{"embeddable":true,"href":"https:\/\/mlampart-kancelaria.pl\/en\/wp-json\/wp\/v2\/comments?post=2025"}],"version-history":[{"count":0,"href":"https:\/\/mlampart-kancelaria.pl\/en\/wp-json\/wp\/v2\/posts\/2025\/revisions"}],"wp:featuredmedia":[{"embeddable":true,"href":"https:\/\/mlampart-kancelaria.pl\/en\/wp-json\/wp\/v2\/media\/2028"}],"wp:attachment":[{"href":"https:\/\/mlampart-kancelaria.pl\/en\/wp-json\/wp\/v2\/media?parent=2025"}],"wp:term":[{"taxonomy":"category","embeddable":true,"href":"https:\/\/mlampart-kancelaria.pl\/en\/wp-json\/wp\/v2\/categories?post=2025"},{"taxonomy":"post_tag","embeddable":true,"href":"https:\/\/mlampart-kancelaria.pl\/en\/wp-json\/wp\/v2\/tags?post=2025"}],"curies":[{"name":"wp","href":"https:\/\/api.w.org\/{rel}","templated":true}]}}