{"id":1269,"date":"2018-12-29T22:46:23","date_gmt":"2018-12-29T21:46:23","guid":{"rendered":"https:\/\/www.mlampart-kancelaria.pl\/?p=1269"},"modified":"2018-12-29T22:46:23","modified_gmt":"2018-12-29T21:46:23","slug":"ulatwienia-dla-osob-niewidomych-lub-z-innymi-niepelnosprawnosciami","status":"publish","type":"post","link":"https:\/\/mlampart-kancelaria.pl\/en\/prawo-autorskie-pl\/ulatwienia-dla-osob-niewidomych-lub-z-innymi-niepelnosprawnosciami\/","title":{"rendered":"U\u0141ATWIENIA DLA OS\u00d3B NIEWIDOMYCH LUB Z INNYMI NIEPE\u0141NOSPRAWNO\u015aCIAMI"},"content":{"rendered":"<p class=\"wp-block-paragraph\">W dniu 28 grudnia 2018 r. wesz\u0142y w \u017cycie zmiany ustawy o prawie autorskim i prawach pokrewnych. <\/p>\n\n\n\n<p class=\"has-text-align-center wp-block-paragraph\">***<\/p>\n\n\n\n<p class=\"wp-block-paragraph\"><strong>Nowelizacja<\/strong>&nbsp;tej ustawy jest podyktowana wdro\u017ceniem do polskiego porz\u0105dku prawnego przepis\u00f3w&nbsp;<a rel=\"noreferrer noopener\" href=\"https:\/\/eur-lex.europa.eu\/legal-content\/PL\/ALL\/?uri=CELEX:32017L1564\" target=\"_blank\">dyrektywy<\/a>&nbsp;Parlamentu Europejskiego i Rady (UE) 2017\/1564 z dnia 13 wrze\u015bnia 2017 r. w sprawie niekt\u00f3rych&nbsp;<strong>dozwolonych sposob\u00f3w korzystania<\/strong>&nbsp;z okre\u015blonych utwor\u00f3w i innych przedmiot\u00f3w chronionych prawem autorskim i prawami pokrewnymi z korzy\u015bci\u0105&nbsp;<strong>dla os\u00f3b niewidomych<\/strong>,&nbsp;<strong>os\u00f3b s\u0142abowidz\u0105cych<\/strong>&nbsp;lub&nbsp;<strong>os\u00f3b z niepe\u0142nosprawno\u015bciami uniemo\u017cliwiaj\u0105cymi zapoznawanie si\u0119 z drukiem<\/strong>&nbsp;oraz w sprawie zmiany dyrektywy 2001\/29\/WE w sprawie harmonizacji niekt\u00f3rych aspekt\u00f3w praw autorskich i pokrewnych w spo\u0142ecze\u0144stwie informacyjnym, a tak\u017ce&nbsp;<a href=\"https:\/\/eur-lex.europa.eu\/legal-content\/PL\/TXT\/PDF\/?uri=CELEX:22018A0221(01)&amp;from=FR\">Traktatem z Marrakeszu<\/a>.<\/p>\n\n\n\n<h2 class=\"wp-block-heading\">Co zmieniowo w ustawie o prawie autorskim i prawach pokrewnych? <\/h2>\n\n\n\n<p class=\"wp-block-paragraph\">W wyniku modyfikacji przepis\u00f3w ustawy wprowadzono nowe pkt 18-20 do art. 6 ust. 1 okre\u015blaj\u0105ce poj\u0119cie&nbsp;<strong>beneficjenta<\/strong>,&nbsp;<strong>upowa\u017cnionego podmiotu<\/strong>&nbsp;and&nbsp;<strong>kopii utworu w dost\u0119pnym formacie<\/strong>. <\/p>\n\n\n\n<h2 class=\"wp-block-heading\">Beneficjent <\/h2>\n\n\n\n<p class=\"wp-block-paragraph\">Zgodnie z wprowadzon\u0105 definicj\u0105&nbsp;<strong>beneficjentem<\/strong>&nbsp;(pkt 18) niezale\u017cnie od jakichkolwiek innych dysfunkcji jest osoba:<\/p>\n\n\n\n<blockquote class=\"wp-block-quote is-layout-flow wp-block-quote-is-layout-flow\">\n<p class=\"wp-block-paragraph\">a) niewidoma lub<br>b) z dysfunkcj\u0105 narz\u0105du wzroku niepoddaj\u0105c\u0105 si\u0119 korekcji w takim stopniu, aby sprawno\u015b\u0107 wzroku tej osoby sta\u0142a si\u0119 zasadniczo r\u00f3wnowa\u017cna ze sprawno\u015bci\u0105 wzroku osoby bez takiej dysfunkcji, i kt\u00f3ra w zwi\u0105zku z tym nie jest w stanie czyta\u0107 utwor\u00f3w wyra\u017conych s\u0142owem pisanym w zasadniczo takim samym stopniu,<br>jak osoba bez takiej dysfunkcji, lub<br>c) z ograniczon\u0105 zdolno\u015bci\u0105 postrzegania lub czytania, kt\u00f3ra w zwi\u0105zku z tym nie jest w stanie czyta\u0107 utwor\u00f3w wyra\u017conych s\u0142owem pisanym w zasadniczo takim samym stopniu, jak osoba bez takiej dysfunkcji, lub<br>d) kt\u00f3ra ze wzgl\u0119du na inn\u0105 dysfunkcj\u0119 fizyczn\u0105 nie jest w stanie trzyma\u0107 ksi\u0105\u017cki lub pos\u0142ugiwa\u0107 si\u0119 ni\u0105 lub te\u017c skupi\u0107 wzroku lub porusza\u0107 oczami w stopniu umo\u017cliwiaj\u0105cym normalne czytanie<\/p>\n\n\n\n<p class=\"wp-block-paragraph\"><\/p>\n<\/blockquote>\n\n\n\n<h2 class=\"wp-block-heading\">Upowa\u017cniony podmiot<\/h2>\n\n\n\n<p class=\"wp-block-paragraph\">Z kolei&nbsp;<strong>upowa\u017cnionym podmiotem<\/strong>&nbsp;jest:<\/p>\n\n\n\n<blockquote class=\"wp-block-quote is-layout-flow wp-block-quote-is-layout-flow\">\n<p class=\"wp-block-paragraph\">jednostka sektora finans\u00f3w publicznych, instytucja o\u015bwiatowa, uczelnia lub niedzia\u0142aj\u0105ca w celu osi\u0105gni\u0119cia zysku organizacja prowadz\u0105ca dzia\u0142alno\u015b\u0107 po\u017cytku publicznego, kt\u00f3ra w ramach swoich statutowych zada\u0144 prowadzi dzia\u0142ania na rzecz beneficjent\u00f3w w zakresie edukacji, szkole\u0144, czytania adaptacyjnego lub dost\u0119pu do informacji<\/p>\n<\/blockquote>\n\n\n\n<h2 class=\"wp-block-heading\">Kopia utworu w dost\u0119pnym formacie<\/h2>\n\n\n\n<p class=\"wp-block-paragraph\"><strong>Kopi\u0105 utworu w dost\u0119pnym formacie<\/strong>&nbsp;jest natomiast kopia powsta\u0142a w wyniku dzia\u0142ania niezb\u0119dnego w celu zapewnienia beneficjentowi r\u00f3wnie skutecznego i wygodnego dost\u0119pu do utworu jak ten, z kt\u00f3rego korzysta osoba bez dysfunkcji okre\u015blonych w definicji beneficjenta, a tak\u017ce sporz\u0105dzona z tej kopii.<\/p>\n\n\n\n<p class=\"wp-block-paragraph\">Do ustawy o prawie autorskim i prawach pokrewnych wprowadzono tak\u017ce przepisy dotycz\u0105ce&nbsp;<strong>dozwolonego u\u017cytku na rzecz beneficjent\u00f3w<\/strong>&nbsp;(art. 35a \u2013 art. 35e), okr\u0119\u015blaj\u0105ce szczeg\u00f3\u0142owe zasady korzystania i udost\u0119pniania utwor\u00f3w dla tych os\u00f3b. <\/p>\n\n\n\n<h2 class=\"wp-block-heading\">Zwieloktotnianie utwor\u00f3w<\/h2>\n\n\n\n<p class=\"wp-block-paragraph\">Istotnym jest, i\u017c beneficjent lub osoba dzia\u0142aj\u0105ca w jego imieniu mo\u017ce zwielokrotnia\u0107 utwory w celu wykonania kopii utwor\u00f3w w dost\u0119pnych formatach, a obecnie zosta\u0142o to jeszcze bardziej u\u0142atwione ni\u017c w dotychczasowych rozwi\u0105zaniach.<\/p>\n\n\n\n<p class=\"wp-block-paragraph\">Jednocze\u015bnie w systemie unijnym obowi\u0105zuje tak\u017ce <a rel=\"noreferrer noopener\" href=\"https:\/\/eur-lex.europa.eu\/legal-content\/PL\/TXT\/?uri=CELEX%3A32017R1563\" target=\"_blank\">rozporz\u0105dzenie<\/a>&nbsp;Parlamentu Europejskiego i Rady (UE) 2017\/1563 z dnia 13 wrze\u015bnia 2017 r. w sprawie transgranicznej wymiany mi\u0119dzy Uni\u0105 a pa\u0144stwami trzecimi kopii w dost\u0119pnych formatach okre\u015blonych utwor\u00f3w i innych przedmiot\u00f3w chronionych prawem autorskim i prawami pokrewnymi z korzy\u015bci\u0105 dla os\u00f3b niewidomych, os\u00f3b s\u0142abowidz\u0105cych lub os\u00f3b z niepe\u0142nosprawno\u015bciami uniemo\u017cliwiaj\u0105cymi zapoznawanie si\u0119 z drukiem.<\/p>","protected":false},"excerpt":{"rendered":"<p>Nowelizacja ustawy o prawie autorskim i prawach pokrewnych w zakresie u\u0142atwie\u0144 dla os\u00f3b niewidomych lub z innymi niepe\u0142nosprawno\u015bciami. <\/p>","protected":false},"author":1,"featured_media":1270,"comment_status":"open","ping_status":"open","sticky":false,"template":"","format":"standard","meta":{"iawp_total_views":0,"footnotes":""},"categories":[19,20],"tags":[],"class_list":["post-1269","post","type-post","status-publish","format-standard","has-post-thumbnail","hentry","category-prawo-autorskie-pl","category-wlasnosc-intelektualna"],"yoast_head":"<!-- This site is optimized with the Yoast SEO plugin v28.4 - https:\/\/yoast.com\/product\/yoast-seo-wordpress\/ -->\n<title>U\u0141ATWIENIA DLA OS\u00d3B NIEWIDOMYCH LUB Z INNYMI NIEPE\u0141NOSPRAWNO\u015aCIAMI - Marta Lampart Kancelaria Radcy Prawnego<\/title>\n<meta name=\"description\" content=\"U\u0142atwienia dla os\u00f3b niewidomych lub z innymi niepe\u0142nosprawno\u015bciami. Nowe przepisy ustawy o prawie autorskim i prawach pokrewnych. Zobacz wi\u0119cej o zmianach.\" \/>\n<meta name=\"robots\" content=\"index, follow, max-snippet:-1, max-image-preview:large, max-video-preview:-1\" \/>\n<link rel=\"canonical\" href=\"https:\/\/mlampart-kancelaria.pl\/en\/prawo-autorskie-pl\/ulatwienia-dla-osob-niewidomych-lub-z-innymi-niepelnosprawnosciami\/\" \/>\n<meta property=\"og:locale\" content=\"en_US\" \/>\n<meta property=\"og:type\" content=\"article\" \/>\n<meta property=\"og:title\" content=\"U\u0141ATWIENIA DLA OS\u00d3B NIEWIDOMYCH LUB Z INNYMI NIEPE\u0141NOSPRAWNO\u015aCIAMI - Marta Lampart Kancelaria Radcy Prawnego\" \/>\n<meta property=\"og:description\" content=\"U\u0142atwienia dla os\u00f3b niewidomych lub z innymi niepe\u0142nosprawno\u015bciami. Nowe przepisy ustawy o prawie autorskim i prawach pokrewnych. Zobacz wi\u0119cej o zmianach.\" \/>\n<meta property=\"og:url\" content=\"https:\/\/mlampart-kancelaria.pl\/en\/prawo-autorskie-pl\/ulatwienia-dla-osob-niewidomych-lub-z-innymi-niepelnosprawnosciami\/\" \/>\n<meta property=\"og:site_name\" content=\"Marta Lampart Kancelaria Radcy Prawnego\" \/>\n<meta property=\"article:published_time\" content=\"2018-12-29T21:46:23+00:00\" \/>\n<meta property=\"og:image\" content=\"https:\/\/mlampart-kancelaria.pl\/wp-content\/uploads\/2019\/04\/blur-1283865_1920.jpg\" \/>\n\t<meta property=\"og:image:width\" content=\"1920\" \/>\n\t<meta property=\"og:image:height\" content=\"1276\" \/>\n\t<meta property=\"og:image:type\" content=\"image\/jpeg\" \/>\n<meta name=\"author\" content=\"admin\" \/>\n<meta name=\"twitter:card\" content=\"summary_large_image\" \/>\n<meta name=\"twitter:label1\" content=\"Written by\" \/>\n\t<meta name=\"twitter:data1\" content=\"admin\" \/>\n\t<meta name=\"twitter:label2\" content=\"Est. reading time\" \/>\n\t<meta name=\"twitter:data2\" content=\"3 minutes\" \/>\n<script type=\"application\/ld+json\" class=\"yoast-schema-graph\">{\"@context\":\"https:\\\/\\\/schema.org\",\"@graph\":[{\"@type\":\"Article\",\"@id\":\"https:\\\/\\\/mlampart-kancelaria.pl\\\/prawo-autorskie-pl\\\/ulatwienia-dla-osob-niewidomych-lub-z-innymi-niepelnosprawnosciami\\\/#article\",\"isPartOf\":{\"@id\":\"https:\\\/\\\/mlampart-kancelaria.pl\\\/prawo-autorskie-pl\\\/ulatwienia-dla-osob-niewidomych-lub-z-innymi-niepelnosprawnosciami\\\/\"},\"author\":{\"name\":\"admin\",\"@id\":\"https:\\\/\\\/mlampart-kancelaria.pl\\\/#\\\/schema\\\/person\\\/da0650c7bc5a67c5f753cad071f81c90\"},\"headline\":\"U\u0141ATWIENIA DLA OS\u00d3B NIEWIDOMYCH LUB Z INNYMI NIEPE\u0141NOSPRAWNO\u015aCIAMI\",\"datePublished\":\"2018-12-29T21:46:23+00:00\",\"mainEntityOfPage\":{\"@id\":\"https:\\\/\\\/mlampart-kancelaria.pl\\\/prawo-autorskie-pl\\\/ulatwienia-dla-osob-niewidomych-lub-z-innymi-niepelnosprawnosciami\\\/\"},\"wordCount\":625,\"commentCount\":0,\"publisher\":{\"@id\":\"https:\\\/\\\/mlampart-kancelaria.pl\\\/#organization\"},\"image\":{\"@id\":\"https:\\\/\\\/mlampart-kancelaria.pl\\\/prawo-autorskie-pl\\\/ulatwienia-dla-osob-niewidomych-lub-z-innymi-niepelnosprawnosciami\\\/#primaryimage\"},\"thumbnailUrl\":\"https:\\\/\\\/mlampart-kancelaria.pl\\\/wp-content\\\/uploads\\\/2019\\\/04\\\/blur-1283865_1920.jpg\",\"articleSection\":[\"Prawo autorskie\",\"W\u0142asno\u015b\u0107 intelektualna\"],\"inLanguage\":\"en-US\",\"potentialAction\":[{\"@type\":\"CommentAction\",\"name\":\"Comment\",\"target\":[\"https:\\\/\\\/mlampart-kancelaria.pl\\\/prawo-autorskie-pl\\\/ulatwienia-dla-osob-niewidomych-lub-z-innymi-niepelnosprawnosciami\\\/#respond\"]}]},{\"@type\":\"WebPage\",\"@id\":\"https:\\\/\\\/mlampart-kancelaria.pl\\\/prawo-autorskie-pl\\\/ulatwienia-dla-osob-niewidomych-lub-z-innymi-niepelnosprawnosciami\\\/\",\"url\":\"https:\\\/\\\/mlampart-kancelaria.pl\\\/prawo-autorskie-pl\\\/ulatwienia-dla-osob-niewidomych-lub-z-innymi-niepelnosprawnosciami\\\/\",\"name\":\"U\u0141ATWIENIA DLA OS\u00d3B NIEWIDOMYCH LUB Z INNYMI NIEPE\u0141NOSPRAWNO\u015aCIAMI - Marta Lampart Kancelaria Radcy Prawnego\",\"isPartOf\":{\"@id\":\"https:\\\/\\\/mlampart-kancelaria.pl\\\/#website\"},\"primaryImageOfPage\":{\"@id\":\"https:\\\/\\\/mlampart-kancelaria.pl\\\/prawo-autorskie-pl\\\/ulatwienia-dla-osob-niewidomych-lub-z-innymi-niepelnosprawnosciami\\\/#primaryimage\"},\"image\":{\"@id\":\"https:\\\/\\\/mlampart-kancelaria.pl\\\/prawo-autorskie-pl\\\/ulatwienia-dla-osob-niewidomych-lub-z-innymi-niepelnosprawnosciami\\\/#primaryimage\"},\"thumbnailUrl\":\"https:\\\/\\\/mlampart-kancelaria.pl\\\/wp-content\\\/uploads\\\/2019\\\/04\\\/blur-1283865_1920.jpg\",\"datePublished\":\"2018-12-29T21:46:23+00:00\",\"description\":\"U\u0142atwienia dla os\u00f3b niewidomych lub z innymi niepe\u0142nosprawno\u015bciami. Nowe przepisy ustawy o prawie autorskim i prawach pokrewnych. Zobacz wi\u0119cej o zmianach.\",\"breadcrumb\":{\"@id\":\"https:\\\/\\\/mlampart-kancelaria.pl\\\/prawo-autorskie-pl\\\/ulatwienia-dla-osob-niewidomych-lub-z-innymi-niepelnosprawnosciami\\\/#breadcrumb\"},\"inLanguage\":\"en-US\",\"potentialAction\":[{\"@type\":\"ReadAction\",\"target\":[\"https:\\\/\\\/mlampart-kancelaria.pl\\\/prawo-autorskie-pl\\\/ulatwienia-dla-osob-niewidomych-lub-z-innymi-niepelnosprawnosciami\\\/\"]}]},{\"@type\":\"ImageObject\",\"inLanguage\":\"en-US\",\"@id\":\"https:\\\/\\\/mlampart-kancelaria.pl\\\/prawo-autorskie-pl\\\/ulatwienia-dla-osob-niewidomych-lub-z-innymi-niepelnosprawnosciami\\\/#primaryimage\",\"url\":\"https:\\\/\\\/mlampart-kancelaria.pl\\\/wp-content\\\/uploads\\\/2019\\\/04\\\/blur-1283865_1920.jpg\",\"contentUrl\":\"https:\\\/\\\/mlampart-kancelaria.pl\\\/wp-content\\\/uploads\\\/2019\\\/04\\\/blur-1283865_1920.jpg\",\"width\":1920,\"height\":1276,\"caption\":\"U\u0142atwienia dla os\u00f3b niewidomych lub z innymi niepe\u0142nosprawno\u015bciami\"},{\"@type\":\"BreadcrumbList\",\"@id\":\"https:\\\/\\\/mlampart-kancelaria.pl\\\/prawo-autorskie-pl\\\/ulatwienia-dla-osob-niewidomych-lub-z-innymi-niepelnosprawnosciami\\\/#breadcrumb\",\"itemListElement\":[{\"@type\":\"ListItem\",\"position\":1,\"name\":\"Home\",\"item\":\"https:\\\/\\\/mlampart-kancelaria.pl\\\/\"},{\"@type\":\"ListItem\",\"position\":2,\"name\":\"U\u0141ATWIENIA DLA OS\u00d3B NIEWIDOMYCH LUB Z INNYMI NIEPE\u0141NOSPRAWNO\u015aCIAMI\"}]},{\"@type\":\"WebSite\",\"@id\":\"https:\\\/\\\/mlampart-kancelaria.pl\\\/#website\",\"url\":\"https:\\\/\\\/mlampart-kancelaria.pl\\\/\",\"name\":\"Marta Lampart Kancelaria Radcy Prawnego\",\"description\":\"\",\"publisher\":{\"@id\":\"https:\\\/\\\/mlampart-kancelaria.pl\\\/#organization\"},\"potentialAction\":[{\"@type\":\"SearchAction\",\"target\":{\"@type\":\"EntryPoint\",\"urlTemplate\":\"https:\\\/\\\/mlampart-kancelaria.pl\\\/?s={search_term_string}\"},\"query-input\":{\"@type\":\"PropertyValueSpecification\",\"valueRequired\":true,\"valueName\":\"search_term_string\"}}],\"inLanguage\":\"en-US\"},{\"@type\":\"Organization\",\"@id\":\"https:\\\/\\\/mlampart-kancelaria.pl\\\/#organization\",\"name\":\"Marta Lampart Kancelaria Radcy Prawnego\",\"url\":\"https:\\\/\\\/mlampart-kancelaria.pl\\\/\",\"logo\":{\"@type\":\"ImageObject\",\"inLanguage\":\"en-US\",\"@id\":\"https:\\\/\\\/mlampart-kancelaria.pl\\\/#\\\/schema\\\/logo\\\/image\\\/\",\"url\":\"https:\\\/\\\/mlampart-kancelaria.pl\\\/wp-content\\\/uploads\\\/2026\\\/07\\\/logo-4-e1554211906195-1.png\",\"contentUrl\":\"https:\\\/\\\/mlampart-kancelaria.pl\\\/wp-content\\\/uploads\\\/2026\\\/07\\\/logo-4-e1554211906195-1.png\",\"width\":300,\"height\":77,\"caption\":\"Marta Lampart Kancelaria Radcy Prawnego\"},\"image\":{\"@id\":\"https:\\\/\\\/mlampart-kancelaria.pl\\\/#\\\/schema\\\/logo\\\/image\\\/\"}},{\"@type\":\"Person\",\"@id\":\"https:\\\/\\\/mlampart-kancelaria.pl\\\/#\\\/schema\\\/person\\\/da0650c7bc5a67c5f753cad071f81c90\",\"name\":\"admin\",\"image\":{\"@type\":\"ImageObject\",\"inLanguage\":\"en-US\",\"@id\":\"https:\\\/\\\/secure.gravatar.com\\\/avatar\\\/ad13c7f1dbb4b09a4ba2cac2fb6079738addf5b4a7e550b89e6ddfac54c327d7?s=96&d=mm&r=g\",\"url\":\"https:\\\/\\\/secure.gravatar.com\\\/avatar\\\/ad13c7f1dbb4b09a4ba2cac2fb6079738addf5b4a7e550b89e6ddfac54c327d7?s=96&d=mm&r=g\",\"contentUrl\":\"https:\\\/\\\/secure.gravatar.com\\\/avatar\\\/ad13c7f1dbb4b09a4ba2cac2fb6079738addf5b4a7e550b89e6ddfac54c327d7?s=96&d=mm&r=g\",\"caption\":\"admin\"},\"sameAs\":[\"https:\\\/\\\/mlampart-kancelaria.pl\"],\"url\":\"https:\\\/\\\/mlampart-kancelaria.pl\\\/en\\\/author\\\/admin\\\/\"}]}<\/script>\n<!-- \/ Yoast SEO plugin. -->","yoast_head_json":{"title":"U\u0141ATWIENIA DLA OS\u00d3B NIEWIDOMYCH LUB Z INNYMI NIEPE\u0141NOSPRAWNO\u015aCIAMI - Marta Lampart Kancelaria Radcy Prawnego","description":"U\u0142atwienia dla os\u00f3b niewidomych lub z innymi niepe\u0142nosprawno\u015bciami. Nowe przepisy ustawy o prawie autorskim i prawach pokrewnych. Zobacz wi\u0119cej o zmianach.","robots":{"index":"index","follow":"follow","max-snippet":"max-snippet:-1","max-image-preview":"max-image-preview:large","max-video-preview":"max-video-preview:-1"},"canonical":"https:\/\/mlampart-kancelaria.pl\/en\/prawo-autorskie-pl\/ulatwienia-dla-osob-niewidomych-lub-z-innymi-niepelnosprawnosciami\/","og_locale":"en_US","og_type":"article","og_title":"U\u0141ATWIENIA DLA OS\u00d3B NIEWIDOMYCH LUB Z INNYMI NIEPE\u0141NOSPRAWNO\u015aCIAMI - Marta Lampart Kancelaria Radcy Prawnego","og_description":"U\u0142atwienia dla os\u00f3b niewidomych lub z innymi niepe\u0142nosprawno\u015bciami. Nowe przepisy ustawy o prawie autorskim i prawach pokrewnych. Zobacz wi\u0119cej o zmianach.","og_url":"https:\/\/mlampart-kancelaria.pl\/en\/prawo-autorskie-pl\/ulatwienia-dla-osob-niewidomych-lub-z-innymi-niepelnosprawnosciami\/","og_site_name":"Marta Lampart Kancelaria Radcy Prawnego","article_published_time":"2018-12-29T21:46:23+00:00","og_image":[{"width":1920,"height":1276,"url":"https:\/\/mlampart-kancelaria.pl\/wp-content\/uploads\/2019\/04\/blur-1283865_1920.jpg","type":"image\/jpeg"}],"author":"admin","twitter_card":"summary_large_image","twitter_misc":{"Written by":"admin","Est. reading time":"3 minutes"},"schema":{"@context":"https:\/\/schema.org","@graph":[{"@type":"Article","@id":"https:\/\/mlampart-kancelaria.pl\/prawo-autorskie-pl\/ulatwienia-dla-osob-niewidomych-lub-z-innymi-niepelnosprawnosciami\/#article","isPartOf":{"@id":"https:\/\/mlampart-kancelaria.pl\/prawo-autorskie-pl\/ulatwienia-dla-osob-niewidomych-lub-z-innymi-niepelnosprawnosciami\/"},"author":{"name":"admin","@id":"https:\/\/mlampart-kancelaria.pl\/#\/schema\/person\/da0650c7bc5a67c5f753cad071f81c90"},"headline":"U\u0141ATWIENIA DLA OS\u00d3B NIEWIDOMYCH LUB Z INNYMI NIEPE\u0141NOSPRAWNO\u015aCIAMI","datePublished":"2018-12-29T21:46:23+00:00","mainEntityOfPage":{"@id":"https:\/\/mlampart-kancelaria.pl\/prawo-autorskie-pl\/ulatwienia-dla-osob-niewidomych-lub-z-innymi-niepelnosprawnosciami\/"},"wordCount":625,"commentCount":0,"publisher":{"@id":"https:\/\/mlampart-kancelaria.pl\/#organization"},"image":{"@id":"https:\/\/mlampart-kancelaria.pl\/prawo-autorskie-pl\/ulatwienia-dla-osob-niewidomych-lub-z-innymi-niepelnosprawnosciami\/#primaryimage"},"thumbnailUrl":"https:\/\/mlampart-kancelaria.pl\/wp-content\/uploads\/2019\/04\/blur-1283865_1920.jpg","articleSection":["Prawo autorskie","W\u0142asno\u015b\u0107 intelektualna"],"inLanguage":"en-US","potentialAction":[{"@type":"CommentAction","name":"Comment","target":["https:\/\/mlampart-kancelaria.pl\/prawo-autorskie-pl\/ulatwienia-dla-osob-niewidomych-lub-z-innymi-niepelnosprawnosciami\/#respond"]}]},{"@type":"WebPage","@id":"https:\/\/mlampart-kancelaria.pl\/prawo-autorskie-pl\/ulatwienia-dla-osob-niewidomych-lub-z-innymi-niepelnosprawnosciami\/","url":"https:\/\/mlampart-kancelaria.pl\/prawo-autorskie-pl\/ulatwienia-dla-osob-niewidomych-lub-z-innymi-niepelnosprawnosciami\/","name":"U\u0141ATWIENIA DLA OS\u00d3B NIEWIDOMYCH LUB Z INNYMI NIEPE\u0141NOSPRAWNO\u015aCIAMI - Marta Lampart Kancelaria Radcy Prawnego","isPartOf":{"@id":"https:\/\/mlampart-kancelaria.pl\/#website"},"primaryImageOfPage":{"@id":"https:\/\/mlampart-kancelaria.pl\/prawo-autorskie-pl\/ulatwienia-dla-osob-niewidomych-lub-z-innymi-niepelnosprawnosciami\/#primaryimage"},"image":{"@id":"https:\/\/mlampart-kancelaria.pl\/prawo-autorskie-pl\/ulatwienia-dla-osob-niewidomych-lub-z-innymi-niepelnosprawnosciami\/#primaryimage"},"thumbnailUrl":"https:\/\/mlampart-kancelaria.pl\/wp-content\/uploads\/2019\/04\/blur-1283865_1920.jpg","datePublished":"2018-12-29T21:46:23+00:00","description":"U\u0142atwienia dla os\u00f3b niewidomych lub z innymi niepe\u0142nosprawno\u015bciami. Nowe przepisy ustawy o prawie autorskim i prawach pokrewnych. Zobacz wi\u0119cej o zmianach.","breadcrumb":{"@id":"https:\/\/mlampart-kancelaria.pl\/prawo-autorskie-pl\/ulatwienia-dla-osob-niewidomych-lub-z-innymi-niepelnosprawnosciami\/#breadcrumb"},"inLanguage":"en-US","potentialAction":[{"@type":"ReadAction","target":["https:\/\/mlampart-kancelaria.pl\/prawo-autorskie-pl\/ulatwienia-dla-osob-niewidomych-lub-z-innymi-niepelnosprawnosciami\/"]}]},{"@type":"ImageObject","inLanguage":"en-US","@id":"https:\/\/mlampart-kancelaria.pl\/prawo-autorskie-pl\/ulatwienia-dla-osob-niewidomych-lub-z-innymi-niepelnosprawnosciami\/#primaryimage","url":"https:\/\/mlampart-kancelaria.pl\/wp-content\/uploads\/2019\/04\/blur-1283865_1920.jpg","contentUrl":"https:\/\/mlampart-kancelaria.pl\/wp-content\/uploads\/2019\/04\/blur-1283865_1920.jpg","width":1920,"height":1276,"caption":"U\u0142atwienia dla os\u00f3b niewidomych lub z innymi niepe\u0142nosprawno\u015bciami"},{"@type":"BreadcrumbList","@id":"https:\/\/mlampart-kancelaria.pl\/prawo-autorskie-pl\/ulatwienia-dla-osob-niewidomych-lub-z-innymi-niepelnosprawnosciami\/#breadcrumb","itemListElement":[{"@type":"ListItem","position":1,"name":"Home","item":"https:\/\/mlampart-kancelaria.pl\/"},{"@type":"ListItem","position":2,"name":"U\u0141ATWIENIA DLA OS\u00d3B NIEWIDOMYCH LUB Z INNYMI NIEPE\u0141NOSPRAWNO\u015aCIAMI"}]},{"@type":"WebSite","@id":"https:\/\/mlampart-kancelaria.pl\/#website","url":"https:\/\/mlampart-kancelaria.pl\/","name":"Marta Lampart Law Firm of Attorney-at-Law","description":"","publisher":{"@id":"https:\/\/mlampart-kancelaria.pl\/#organization"},"potentialAction":[{"@type":"SearchAction","target":{"@type":"EntryPoint","urlTemplate":"https:\/\/mlampart-kancelaria.pl\/?s={search_term_string}"},"query-input":{"@type":"PropertyValueSpecification","valueRequired":true,"valueName":"search_term_string"}}],"inLanguage":"en-US"},{"@type":"Organization","@id":"https:\/\/mlampart-kancelaria.pl\/#organization","name":"Marta Lampart Law Firm of Attorney-at-Law","url":"https:\/\/mlampart-kancelaria.pl\/","logo":{"@type":"ImageObject","inLanguage":"en-US","@id":"https:\/\/mlampart-kancelaria.pl\/#\/schema\/logo\/image\/","url":"https:\/\/mlampart-kancelaria.pl\/wp-content\/uploads\/2026\/07\/logo-4-e1554211906195-1.png","contentUrl":"https:\/\/mlampart-kancelaria.pl\/wp-content\/uploads\/2026\/07\/logo-4-e1554211906195-1.png","width":300,"height":77,"caption":"Marta Lampart Kancelaria Radcy Prawnego"},"image":{"@id":"https:\/\/mlampart-kancelaria.pl\/#\/schema\/logo\/image\/"}},{"@type":"Person","@id":"https:\/\/mlampart-kancelaria.pl\/#\/schema\/person\/da0650c7bc5a67c5f753cad071f81c90","name":"admin","image":{"@type":"ImageObject","inLanguage":"en-US","@id":"https:\/\/secure.gravatar.com\/avatar\/ad13c7f1dbb4b09a4ba2cac2fb6079738addf5b4a7e550b89e6ddfac54c327d7?s=96&d=mm&r=g","url":"https:\/\/secure.gravatar.com\/avatar\/ad13c7f1dbb4b09a4ba2cac2fb6079738addf5b4a7e550b89e6ddfac54c327d7?s=96&d=mm&r=g","contentUrl":"https:\/\/secure.gravatar.com\/avatar\/ad13c7f1dbb4b09a4ba2cac2fb6079738addf5b4a7e550b89e6ddfac54c327d7?s=96&d=mm&r=g","caption":"admin"},"sameAs":["https:\/\/mlampart-kancelaria.pl"],"url":"https:\/\/mlampart-kancelaria.pl\/en\/author\/admin\/"}]}},"_links":{"self":[{"href":"https:\/\/mlampart-kancelaria.pl\/en\/wp-json\/wp\/v2\/posts\/1269","targetHints":{"allow":["GET"]}}],"collection":[{"href":"https:\/\/mlampart-kancelaria.pl\/en\/wp-json\/wp\/v2\/posts"}],"about":[{"href":"https:\/\/mlampart-kancelaria.pl\/en\/wp-json\/wp\/v2\/types\/post"}],"author":[{"embeddable":true,"href":"https:\/\/mlampart-kancelaria.pl\/en\/wp-json\/wp\/v2\/users\/1"}],"replies":[{"embeddable":true,"href":"https:\/\/mlampart-kancelaria.pl\/en\/wp-json\/wp\/v2\/comments?post=1269"}],"version-history":[{"count":0,"href":"https:\/\/mlampart-kancelaria.pl\/en\/wp-json\/wp\/v2\/posts\/1269\/revisions"}],"wp:featuredmedia":[{"embeddable":true,"href":"https:\/\/mlampart-kancelaria.pl\/en\/wp-json\/wp\/v2\/media\/1270"}],"wp:attachment":[{"href":"https:\/\/mlampart-kancelaria.pl\/en\/wp-json\/wp\/v2\/media?parent=1269"}],"wp:term":[{"taxonomy":"category","embeddable":true,"href":"https:\/\/mlampart-kancelaria.pl\/en\/wp-json\/wp\/v2\/categories?post=1269"},{"taxonomy":"post_tag","embeddable":true,"href":"https:\/\/mlampart-kancelaria.pl\/en\/wp-json\/wp\/v2\/tags?post=1269"}],"curies":[{"name":"wp","href":"https:\/\/api.w.org\/{rel}","templated":true}]}}